{"id":6793,"date":"2022-09-14T16:29:49","date_gmt":"2022-09-14T14:29:49","guid":{"rendered":"http:\/\/spd-boernsen.net\/?p=6793"},"modified":"2024-04-25T16:06:48","modified_gmt":"2024-04-25T14:06:48","slug":"heimatfest-2022","status":"publish","type":"post","link":"https:\/\/spd-boernsen.net\/?p=6793","title":{"rendered":"Heimatfest 2022"},"content":{"rendered":"<p style=\"text-align: center;\"><span style=\"font-size: 14pt; font-family: comic sans ms, sans-serif; color: #ff0000;\">&#8211;\u00a0 endlich wieder <span style=\"background-color: #ffffff;\">!<\/span><\/span><\/p>\n<p><span style=\"font-family: Arial, sans-serif;\"><span style=\"font-size: small;\">Am ersten September Wochenende konnte nach 2-j\u00e4hriger coronabedingter Absage, das Heimatfest in B\u00f6rnsen wieder stattfinden. Die Resonanz zwar eindeutig; das Heimatfest wurde vermisst und die B\u00f6rnsener B\u00fcrgerinnen und B\u00fcrger &#8211; klein und gro\u00df, haben gerne teilgenommen<\/span><\/span><span style=\"font-family: Arial, sans-serif;\"><span style=\"font-size: small;\">.<br \/>\n<\/span><\/span><span style=\"font-family: Arial, sans-serif;\"><span style=\"font-size: small;\">Am Freitag wurde mit einem sternf\u00f6rmigen Laternenlauf aus B\u00f6rnsen Oben, Mitte und Unten das Heimatfest er\u00f6ffnet. Alle Laternel\u00e4ufer:innen wurden mit einem Fackelspalier von der B\u00f6rnsener Jugendfeuerwehr vor der Waldschule begr\u00fc\u00dft. Vielen Dank an die Jugend f\u00fcr diese besondere Atmosph\u00e4re!<\/span><\/span><!--more--><span style=\"font-family: Arial, sans-serif;\"><span style=\"font-size: small;\"><a href=\"https:\/\/spd-boernsen.net\/wp-content\/uploads\/Heimatfest-22-Band.jpg\"><img loading=\"lazy\" decoding=\"async\" class=\"alignleft size-medium wp-image-6792\" src=\"https:\/\/spd-boernsen.net\/wp-content\/uploads\/Heimatfest-22-Band-300x202.jpg\" alt=\"\" width=\"300\" height=\"202\" srcset=\"https:\/\/spd-boernsen.net\/wp-content\/uploads\/Heimatfest-22-Band-300x202.jpg 300w, https:\/\/spd-boernsen.net\/wp-content\/uploads\/Heimatfest-22-Band-150x101.jpg 150w, https:\/\/spd-boernsen.net\/wp-content\/uploads\/Heimatfest-22-Band-768x516.jpg 768w, https:\/\/spd-boernsen.net\/wp-content\/uploads\/Heimatfest-22-Band-447x300.jpg 447w, https:\/\/spd-boernsen.net\/wp-content\/uploads\/Heimatfest-22-Band.jpg 798w\" sizes=\"auto, (max-width: 300px) 100vw, 300px\" \/><\/a> Vor der Waldschule lockte die B\u00fchne am Freitag mit einem DJ und am Samstag und am Sonntag Livebands das Publikum an. <br \/>\n<\/span><\/span><span style=\"font-family: Arial, sans-serif;\"><span style=\"font-size: small;\">Eine Essensmeile mit einem vielf\u00e4ltigen Angebot f\u00fcr das leibliche Wohl verband den Festplatz an der Waldschule mit den Budenattraktionen an der Schule &#8211; hier fand man den allseits beliebten Autoscooter, Karussell, Crepestand noch viel mehr.<\/p>\n<p><\/span><\/span><span style=\"font-family: Helvetica Neue, Times New Roman, sans-serif;\"><span style=\"font-size: small;\"><span style=\"font-family: Arial, sans-serif;\"><a href=\"https:\/\/spd-boernsen.net\/wp-content\/uploads\/Hheimatfest-22-AWO3.jpg\"><img loading=\"lazy\" decoding=\"async\" class=\"alignleft size-thumbnail wp-image-6790\" src=\"https:\/\/spd-boernsen.net\/wp-content\/uploads\/Hheimatfest-22-AWO3-150x100.jpg\" alt=\"\" width=\"150\" height=\"100\" srcset=\"https:\/\/spd-boernsen.net\/wp-content\/uploads\/Hheimatfest-22-AWO3-150x100.jpg 150w, https:\/\/spd-boernsen.net\/wp-content\/uploads\/Hheimatfest-22-AWO3-300x199.jpg 300w, https:\/\/spd-boernsen.net\/wp-content\/uploads\/Hheimatfest-22-AWO3-1024x680.jpg 1024w, https:\/\/spd-boernsen.net\/wp-content\/uploads\/Hheimatfest-22-AWO3-768x510.jpg 768w, https:\/\/spd-boernsen.net\/wp-content\/uploads\/Hheimatfest-22-AWO3-452x300.jpg 452w, https:\/\/spd-boernsen.net\/wp-content\/uploads\/Hheimatfest-22-AWO3.jpg 1072w\" sizes=\"auto, (max-width: 150px) 100vw, 150px\" \/><\/a><a href=\"https:\/\/spd-boernsen.net\/wp-content\/uploads\/Hheimatfest-22-AWO-min2.jpg\"><img loading=\"lazy\" decoding=\"async\" class=\"alignleft size-thumbnail wp-image-6791\" src=\"https:\/\/spd-boernsen.net\/wp-content\/uploads\/Hheimatfest-22-AWO-min2-150x100.jpg\" alt=\"\" width=\"150\" height=\"100\" srcset=\"https:\/\/spd-boernsen.net\/wp-content\/uploads\/Hheimatfest-22-AWO-min2-150x100.jpg 150w, https:\/\/spd-boernsen.net\/wp-content\/uploads\/Hheimatfest-22-AWO-min2-300x199.jpg 300w, https:\/\/spd-boernsen.net\/wp-content\/uploads\/Hheimatfest-22-AWO-min2-1024x680.jpg 1024w, https:\/\/spd-boernsen.net\/wp-content\/uploads\/Hheimatfest-22-AWO-min2-768x510.jpg 768w, https:\/\/spd-boernsen.net\/wp-content\/uploads\/Hheimatfest-22-AWO-min2-452x300.jpg 452w, https:\/\/spd-boernsen.net\/wp-content\/uploads\/Hheimatfest-22-AWO-min2.jpg 1072w\" sizes=\"auto, (max-width: 150px) 100vw, 150px\" \/><\/a>Das organisierte Programm war vielf\u00e4ltig, es wurde an alle Besucher:innen gedacht &#8211; vielen Dank an alle Beteiligten.<\/span><\/span><\/span><\/p>\n<p><span style=\"font-family: Helvetica Neue, Times New Roman, sans-serif;\"><span style=\"font-size: small;\"><span style=\"font-family: Arial, sans-serif;\">Im Zuge des Heimatfestes fand am Samstag ein besonderes <\/span><\/span><\/span><span style=\"font-family: Helvetica Neue, Times New Roman, sans-serif;\"><span style=\"font-size: small;\"><span style=\"font-family: Arial, sans-serif;\">Ereignis statt:\u00a0 D<\/span><span style=\"font-family: Arial, sans-serif;\">ie neue Sportanlage, insbesondere der Kunstrasenplatz, wurde eingeweiht. Nach kurzer Einweihung durch den B\u00fcrgermeister wurde der Kunstrasenplatz mit einem Einlagespiel des SV B\u00f6rnsen eingespielt. <br \/>\n<\/span><\/span><\/span><em><span style=\"font-size: 10pt;\">Monique Hoops<\/span><\/em><\/p>\n","protected":false},"excerpt":{"rendered":"<p>&#8211;\u00a0 endlich wieder ! Am ersten September Wochenende konnte nach 2-j\u00e4hriger coronabedingter Absage, das Heimatfest in B\u00f6rnsen wieder stattfinden. Die Resonanz zwar eindeutig; das Heimatfest wurde vermisst und die B\u00f6rnsener B\u00fcrgerinnen und B\u00fcrger &#8211; klein und gro\u00df, haben gerne teilgenommen. &hellip; <a href=\"https:\/\/spd-boernsen.net\/?p=6793\">Weiterlesen <span class=\"meta-nav\">&rarr;<\/span><\/a><\/p>\n<a href=\"https:\/\/spd-boernsen.net\/?p=6793\"> weiterlesen...<\/a>","protected":false},"author":5,"featured_media":0,"comment_status":"closed","ping_status":"closed","sticky":false,"template":"","format":"standard","meta":{"footnotes":""},"categories":[58],"tags":[],"class_list":["post-6793","post","type-post","status-publish","format-standard","hentry","category-heimatfest"],"_links":{"self":[{"href":"https:\/\/spd-boernsen.net\/index.php?rest_route=\/wp\/v2\/posts\/6793","targetHints":{"allow":["GET"]}}],"collection":[{"href":"https:\/\/spd-boernsen.net\/index.php?rest_route=\/wp\/v2\/posts"}],"about":[{"href":"https:\/\/spd-boernsen.net\/index.php?rest_route=\/wp\/v2\/types\/post"}],"author":[{"embeddable":true,"href":"https:\/\/spd-boernsen.net\/index.php?rest_route=\/wp\/v2\/users\/5"}],"replies":[{"embeddable":true,"href":"https:\/\/spd-boernsen.net\/index.php?rest_route=%2Fwp%2Fv2%2Fcomments&post=6793"}],"version-history":[{"count":10,"href":"https:\/\/spd-boernsen.net\/index.php?rest_route=\/wp\/v2\/posts\/6793\/revisions"}],"predecessor-version":[{"id":7299,"href":"https:\/\/spd-boernsen.net\/index.php?rest_route=\/wp\/v2\/posts\/6793\/revisions\/7299"}],"wp:attachment":[{"href":"https:\/\/spd-boernsen.net\/index.php?rest_route=%2Fwp%2Fv2%2Fmedia&parent=6793"}],"wp:term":[{"taxonomy":"category","embeddable":true,"href":"https:\/\/spd-boernsen.net\/index.php?rest_route=%2Fwp%2Fv2%2Fcategories&post=6793"},{"taxonomy":"post_tag","embeddable":true,"href":"https:\/\/spd-boernsen.net\/index.php?rest_route=%2Fwp%2Fv2%2Ftags&post=6793"}],"curies":[{"name":"wp","href":"https:\/\/api.w.org\/{rel}","templated":true}]}}